{"id":2949,"date":"2019-12-30T10:30:22","date_gmt":"2019-12-30T10:30:22","guid":{"rendered":"http:\/\/jujol140.cat\/?p=2949"},"modified":"2019-12-27T12:21:16","modified_gmt":"2019-12-27T12:21:16","slug":"ano-jujol140-cierra-con-230-000-participantes-y-la-celebracion-un-centenar-actividades","status":"publish","type":"post","link":"https:\/\/jujol140.cat\/es\/ano-jujol140-cierra-con-230-000-participantes-y-la-celebracion-un-centenar-actividades\/","title":{"rendered":"El A\u00f1o Jujol140 cierra con 230.000 participantes y la celebraci\u00f3n de un centenar de actividades"},"content":{"rendered":"<div>\n<div class=\"text-wrap tlid-copy-target\">\n<div class=\"result-shield-container tlid-copy-target\" tabindex=\"0\"><span class=\"tlid-translation translation\" lang=\"es\"><span title=\"\">M\u00e1s<\/span> <span title=\"\">de 230.000<\/span> <span title=\"\">personas han<\/span> <span title=\"\">participado en<\/span> <span title=\"\">el<\/span> <span title=\"\">centenar<\/span> <span class=\"\" title=\"\">de actividades organizadas<\/span> <span title=\"\">con<\/span> <span title=\"\">motivo del A\u00f1o<\/span> <span title=\"\">Jujol140<\/span><span title=\"\">, el movimiento<\/span> <span title=\"\">art\u00edstico<\/span><span title=\"\">, cultural<\/span> <span title=\"\">y social<\/span> <span title=\"\">impulsado<\/span> <span title=\"\">por el Ayuntamiento de<\/span> <span title=\"\">Sant Joan Desp\u00ed para<\/span> <span title=\"\">difundir<\/span> <span title=\"\">la figura<\/span> <span title=\"\">del artista<\/span> <span title=\"\">Josep Maria<\/span> <span title=\"\">Jujol<\/span> <span title=\"\">coincidiendo con<\/span> <span title=\"\">el<\/span> <span title=\"\">140<\/span> <span title=\"\">aniversario de su nacimiento<\/span><span title=\"\">.<\/span> <span title=\"\">El A\u00f1o<\/span> <span title=\"\">Jujol140<\/span> <span title=\"\">ha contado<\/span> <span title=\"\">con 184<\/span> <span title=\"\">adhesiones<\/span> <span title=\"\">de ayuntamientos<\/span><span title=\"\">, instituciones<\/span><span title=\"\">, empresas,<\/span> <span title=\"\">personalidades<\/span><span title=\"\">,<\/span> <span title=\"\">entidades y<\/span> <span title=\"\">comercios.<\/span><\/span><\/div>\n<\/div>\n<\/div>\n<div><\/div>\n<p><!--more--><\/p>\n<div>\n<p>&nbsp;<\/p>\n<p><img loading=\"lazy\" decoding=\"async\" class=\"alignright wp-image-2939 size-medium\" src=\"http:\/\/jujol140.cat\/wp-content\/uploads\/2019\/12\/j-jujol-escoles-300x200.jpg\" alt=\"\" width=\"300\" height=\"200\" \/><span class=\"tlid-translation translation\" lang=\"es\">Durante el <strong>A\u00f1o Jujol140<\/strong> se han organizado exposiciones, conferencias, jornadas cient\u00edficas, publicaciones editoriales, espect\u00e1culos de artes esc\u00e9nicas y actividades festivas, l\u00fadicas, educativas, comerciales, tur\u00edsticas y de difusi\u00f3n del patrimonio. M\u00e1s de un centenar de <strong>actividades<\/strong> con las que el A\u00f1o Jujol140 ha contribuido a difundir la obra de <strong>Josep Maria Jujol<\/strong> y a promover el reconocimiento cient\u00edfico internacional de una figura que, a pesar de su genio creativo y de su extraordinario legado art\u00edstico, todav\u00eda no era lo suficientemente reconocida.<\/span><\/p>\n<p>Dentro del objetivo de profundizar en el conocimiento cient\u00edfico de Jujol, una de las actividades centrales han sido las <strong>Jornadas Internacionales<\/strong> celebradas en Sant Joan Desp\u00ed con la participaci\u00f3n de expertos del mundo acad\u00e9mico y profesional que analizaron la obra de Jujol y sus m\u00faltiples vertientes como arquitecto, dibujante, escultor y dise\u00f1ador. Adem\u00e1s, tambi\u00e9n se han publicado los libros <em>Jujol i l&#8217;evoluci\u00f3 del llenguatge arquitect\u00f2nic <\/em>y <em>El geni de les formes<\/em>, ambos editados por el <strong>Ayuntamiento de Sant Joan Desp\u00ed<\/strong>.<\/p>\n<p>&nbsp;<\/p>\n<p><img loading=\"lazy\" decoding=\"async\" class=\"alignright wp-image-2333 size-medium\" src=\"http:\/\/jujol140.cat\/wp-content\/uploads\/2019\/07\/Exposicio\u0301-Jujol-Palau-Gu\u0308ell-3-300x200.jpg\" alt=\"\" width=\"300\" height=\"200\" srcset=\"https:\/\/jujol140.cat\/wp-content\/uploads\/2019\/07\/Exposicio\u0301-Jujol-Palau-Gu\u0308ell-3-300x200.jpg 300w, https:\/\/jujol140.cat\/wp-content\/uploads\/2019\/07\/Exposicio\u0301-Jujol-Palau-Gu\u0308ell-3-768x512.jpg 768w, https:\/\/jujol140.cat\/wp-content\/uploads\/2019\/07\/Exposicio\u0301-Jujol-Palau-Gu\u0308ell-3-1024x682.jpg 1024w, https:\/\/jujol140.cat\/wp-content\/uploads\/2019\/07\/Exposicio\u0301-Jujol-Palau-Gu\u0308ell-3-1080x720.jpg 1080w, https:\/\/jujol140.cat\/wp-content\/uploads\/2019\/07\/Exposicio\u0301-Jujol-Palau-Gu\u0308ell-3.jpg 1600w\" sizes=\"(max-width: 300px) 100vw, 300px\" \/><span class=\"tlid-translation translation\" lang=\"es\"><span class=\"\" title=\"\">En cuanto<\/span> <span title=\"\">a las <strong>exposiciones<\/strong>,<\/span> <span title=\"\">m\u00e1s<\/span> <span title=\"\">de 80.000<\/span> <span title=\"\">personas<\/span> <span title=\"\">han visitado<\/span> <span title=\"\">la muestra<\/span> <span title=\"\">monogr\u00e1fica<\/span> <em><span title=\"\">Jujol<\/span><span title=\"\">, la arquitectura<\/span> <span title=\"\">del color<\/span> <\/em><span title=\"\">expuesta<\/span> <span title=\"\">en el <strong>Palau<\/strong><\/span><strong> <span title=\"\">G\u00fcell<\/span><\/strong> <span title=\"\">de Barcelona<\/span><span title=\"\">,<\/span> <span title=\"\">organizada por el Ayuntamiento<\/span> <span title=\"\">de Sant Joan Desp\u00ed<\/span><span title=\"\">,<\/span> <span title=\"\">en convenio<\/span> <span title=\"\">con<\/span> <span title=\"\">la Diputaci\u00f3n de<\/span> <span title=\"\">Barcelona.<\/span> <span title=\"\">Alrededor<\/span> <span title=\"\">del artista<\/span><span title=\"\">, el Ayuntamiento<\/span> <span title=\"\">de Sant<\/span> <span title=\"\">Joan Desp\u00ed ha<\/span> <span title=\"\">producido<\/span> <span title=\"\">tres<\/span> <span title=\"\">exposiciones m\u00e1s<\/span><span title=\"\">:<\/span> <em><span title=\"\">La<\/span> <span title=\"\">fisonom\u00eda<\/span> <span title=\"\">del modernismo<\/span><\/em><span title=\"\">,<\/span> <em><span title=\"\">La Generaci\u00f3n<\/span> <span title=\"\">Jujol<\/span><\/em> <span title=\"\">y <em>Jujol<\/em><\/span><em><span title=\"\">, grandes<\/span> <\/em><span title=\"\"><em>dibujos<\/em>,<\/span> <span title=\"\">todas ellas<\/span> <span title=\"\">expuestas<\/span> <span title=\"\">en el Centro<\/span> <span title=\"\">Jujol-Can Negre<\/span><span title=\"\">.<\/span> <span title=\"\">Otras<\/span> <span title=\"\">exposiciones<\/span> <span title=\"\">conmemorativas<\/span> <span title=\"\">han<\/span> <span title=\"\">sido<\/span> <em><span title=\"\">Jujol<\/span> <span title=\"\">y<\/span> <span title=\"\">el dibujo<\/span><\/em><span title=\"\">,<\/span> <span title=\"\">del <strong>Colegio<\/strong><\/span><strong> <span title=\"\">de Arquitectos<\/span> <span title=\"\">de Catalunya<\/span><\/strong><span title=\"\">,<\/span> <span title=\"\">y<\/span> <em><span title=\"\">Jujol en la<\/span> <span title=\"\">Seu<\/span><\/em><span title=\"\">,<\/span> <span title=\"\">de la <strong>Catedral<\/strong><\/span><strong> <span title=\"\">de Mallorca<\/span><\/strong><span title=\"\">, entre otras.<\/span><\/span><\/p>\n<p>&nbsp;<\/p>\n<p><strong>Sant Joan Desp\u00ed, epicentro de la celebraci\u00f3n<\/strong><\/p>\n<\/div>\n<div>\n<p>&nbsp;<\/p>\n<p><img loading=\"lazy\" decoding=\"async\" class=\"alignright wp-image-2945 size-medium\" src=\"http:\/\/jujol140.cat\/wp-content\/uploads\/2019\/12\/Fira-modernista-Sant-Joan-Despi\u0301-300x200.jpg\" alt=\"\" width=\"300\" height=\"200\" srcset=\"https:\/\/jujol140.cat\/wp-content\/uploads\/2019\/12\/Fira-modernista-Sant-Joan-Despi\u0301-300x200.jpg 300w, https:\/\/jujol140.cat\/wp-content\/uploads\/2019\/12\/Fira-modernista-Sant-Joan-Despi\u0301-768x512.jpg 768w, https:\/\/jujol140.cat\/wp-content\/uploads\/2019\/12\/Fira-modernista-Sant-Joan-Despi\u0301-480x320.jpg 480w, https:\/\/jujol140.cat\/wp-content\/uploads\/2019\/12\/Fira-modernista-Sant-Joan-Despi\u0301.jpg 960w\" sizes=\"(max-width: 300px) 100vw, 300px\" \/><span class=\"tlid-translation translation\" lang=\"es\" tabindex=\"-1\"><span title=\"\">Sant Joan Desp\u00ed<\/span><span title=\"\">, como municipio<\/span> <span title=\"\">impulsor<\/span> <span title=\"\">del A\u00f1o<\/span> <span title=\"\">Jujol140<\/span><span title=\"\">,<\/span> <span title=\"\">ha sido<\/span> <span title=\"\">punto central<\/span> <span title=\"\">de este evento<\/span><span title=\"\">, que<\/span> <span title=\"\">ha contado<\/span> <span title=\"\">con una gran<\/span> <span class=\"\" title=\"\">implicaci\u00f3n<\/span> <span title=\"\">por parte de las<\/span> <span title=\"\">entidades,<\/span> <span title=\"\">comercios<\/span> <span title=\"\">y del conjunto<\/span> <span title=\"\">de la ciudadan\u00eda.<\/span> <span title=\"\">En el marco<\/span> <span title=\"\">del A\u00f1o<\/span> <span title=\"\">Jujol140<\/span><span title=\"\">, el Ayuntamiento<\/span> <span title=\"\">de Sant Joan Desp\u00ed<\/span> <span title=\"\">ha organizado<\/span> <span title=\"\">decenas<\/span> <span title=\"\">de actividades culturales,<\/span> <span title=\"\">educativas<\/span><span title=\"\">, festivas<\/span><span title=\"\">,<\/span> <span title=\"\">comerciales y<\/span> <span title=\"\">de divulgaci\u00f3n<\/span><span title=\"\">:<\/span> <span title=\"\">las Jornadas<\/span> <span title=\"\">Gastron\u00f3micas<\/span><span title=\"\">,<\/span> <span title=\"\">la Feria Modernista,<\/span> <span title=\"\">las visitas<\/span> <span title=\"\">de las escuelas<\/span> <span title=\"\">y de la<\/span> <span title=\"\">ciudadan\u00eda<\/span> <span title=\"\">a<\/span> <span title=\"\">la obra<\/span> <span title=\"\">de Jujol<\/span> <span title=\"\">en el Camp<\/span> <span title=\"\">de Tarragona<\/span><span title=\"\">,<\/span> <span title=\"\">espect\u00e1culos<\/span> <span title=\"\">de artes<\/span> <span title=\"\">esc\u00e9nicas<\/span> <span title=\"\">en Can Negre<\/span> <span title=\"\">y<\/span> en <span title=\"\">la Torre<\/span> <span title=\"\">de la Creu<\/span><span title=\"\">,<\/span> <span title=\"\">la edici\u00f3n<\/span> <span title=\"\">de un \u00e1lbum<\/span> <span title=\"\">de cromos,<\/span> <span title=\"\">la instalaci\u00f3n de las<\/span> <span title=\"\">&#8216;<\/span><span title=\"\">J<\/span><span title=\"\">&#8216;<\/span> <span title=\"\">de<\/span> <span title=\"\">Jujol en<\/span> e<span title=\"\">l<\/span> <span title=\"\">espacio<\/span> <span title=\"\">p\u00fablico o<\/span> <span title=\"\">la creaci\u00f3n de un<\/span> <span title=\"\">mural<\/span> <span title=\"\">conmemorativo<\/span><span title=\"\">,<\/span> <span title=\"\">entre<\/span> <span title=\"\">muchas otras<\/span><span title=\"\">.<\/span> <span title=\"\">La<\/span> <span title=\"\">celebraci\u00f3n del A\u00f1o<\/span> <span title=\"\">Jujol140<\/span> <span title=\"\">tambi\u00e9n ha<\/span> <span title=\"\">impregnado<\/span> <span title=\"\">las<\/span> <span title=\"\">principales<\/span> <span title=\"\">actividades<\/span> <span title=\"\">de ciudad,<\/span> <span title=\"\">como la Fiesta<\/span> <span title=\"\">Mayor,<\/span> <span title=\"\">FiraDesp\u00ed<\/span><span title=\"\">,<\/span> <span title=\"\">el Carnaval,<\/span> <span title=\"\">las<\/span> Nits <span title=\"\">de Juliol,<\/span> <span title=\"\">el<\/span> <span title=\"\">48H<\/span> <span title=\"\">Open<\/span> <span title=\"\">House<\/span> <span title=\"\">BCN<\/span> <span title=\"\">o<\/span> <span title=\"\">la Noche de los<\/span> <span title=\"\">Museos<\/span><span title=\"\">.<\/span><\/span><\/p>\n<p><span class=\"tlid-translation translation\" lang=\"es\">El A\u00f1o Jujol140 ha contado con una gran adhesi\u00f3n de las entidades y comercios de Sant Joan Desp\u00ed, de forma que la celebraci\u00f3n ha estado muy presente en el tejido comercial y en las actividades del mundo asociativo, como conciertos, caminatas, exposiciones de arte, actividades deportivas o tradiciones de cultura popular, reforzando la vinculaci\u00f3n de la ciudad con el artista.<\/span><\/p>\n<p>&nbsp;<\/p>\n<p><strong>El A\u00f1o Jujol140, compromiso de todos<\/strong><\/p>\n<p><img loading=\"lazy\" decoding=\"async\" class=\"alignright wp-image-2942 size-medium\" src=\"http:\/\/jujol140.cat\/wp-content\/uploads\/2019\/12\/Torre-de-la-Creu-Espectacle-dansa-300x200.jpg\" alt=\"\" width=\"300\" height=\"200\" \/><span class=\"tlid-translation translation\" lang=\"es\">Adem\u00e1s de Sant Joan Desp\u00ed, el A\u00f1o Jujol140 ha sumado la complicidad de 19 municipios con obra de Jujol y de 26 instituciones. Fruto de esta adhesi\u00f3n, se han celebrado actividades de divulgaci\u00f3n como las visitas guiadas al Teatro Metropol de Tarragona y al Ateneu Barcelon\u00e8s o las conferencias de la Fundaci\u00f3 Trencad\u00eds. Adem\u00e1s, diferentes edificios proyectados por Jujol han sido escenario de espect\u00e1culos de artes esc\u00e9nicas, como los conciertos celebrados en la capilla del Mas Carreras (Roda de Ber\u00e1) o en la iglesia del Sagrat Cor de Vistabella (La Secuita). El A\u00f1o Jujol140 tambi\u00e9n ha estado presente en la Feria Modernista de Barcelona y en la Fiesta del Modernismo de la Colonia G\u00fcell.<\/span><\/p>\n<p>La figura de Josep Maria Jujol ha recogido un gran n\u00famero de adhesiones ciudadanas. Durante el A\u00f1o Jujol140, el <a href=\"https:\/\/jujol140.cat\/es\/manifiesto\/\" target=\"_blank\" rel=\"noopener noreferrer\"><strong>Manifiesto Jujol<\/strong><\/a> ha alcanzado m\u00e1s de 5.200 firmas en apoyo a la recuperaci\u00f3n y la promoci\u00f3n de la memoria del artista. El manifiesto se puede suscribir en el Centro Jujol-Can Negre y en la Biblioteca Merc\u00e8 Rodoreda de Sant Joan Desp\u00ed, en la Casa Bofarull de Els Pallaresos, en la ermita del Roser de Vallmoll y en el Museu de la R\u00e0dio y en la capilla del Mas Carreras de Roda de Ber\u00e0.<\/p>\n<\/div>\n","protected":false},"excerpt":{"rendered":"<p>M\u00e1s de 230.000 personas han participado en el centenar de actividades organizadas con motivo del A\u00f1o Jujol140, el movimiento art\u00edstico, cultural y social impulsado por el Ayuntamiento de Sant Joan Desp\u00ed para difundir la figura del artista Josep Maria Jujol coincidiendo con el 140 aniversario de su nacimiento. El A\u00f1o Jujol140 ha contado con 184 [&hellip;]<\/p>\n","protected":false},"author":3,"featured_media":2941,"comment_status":"closed","ping_status":"closed","sticky":false,"template":"","format":"standard","meta":{"_et_pb_use_builder":"","_et_pb_old_content":"","_et_gb_content_width":"","footnotes":""},"categories":[13],"tags":[],"class_list":["post-2949","post","type-post","status-publish","format-standard","has-post-thumbnail","hentry","category-noticias"],"yoast_head":"<!-- This site is optimized with the Yoast SEO plugin v27.4 - https:\/\/yoast.com\/product\/yoast-seo-wordpress\/ -->\n<title>El A\u00f1o Jujol140 cierra con 230.000 participantes y la celebraci\u00f3n de un centenar de actividades - Jujol 140<\/title>\n<meta name=\"robots\" content=\"index, follow, max-snippet:-1, max-image-preview:large, max-video-preview:-1\" \/>\n<link rel=\"canonical\" href=\"https:\/\/jujol140.cat\/es\/ano-jujol140-cierra-con-230-000-participantes-y-la-celebracion-un-centenar-actividades\/\" \/>\n<meta property=\"og:locale\" content=\"es_ES\" \/>\n<meta property=\"og:type\" content=\"article\" \/>\n<meta property=\"og:title\" content=\"El A\u00f1o Jujol140 cierra con 230.000 participantes y la celebraci\u00f3n de un centenar de actividades - Jujol 140\" \/>\n<meta property=\"og:description\" content=\"M\u00e1s de 230.000 personas han participado en el centenar de actividades organizadas con motivo del A\u00f1o Jujol140, el movimiento art\u00edstico, cultural y social impulsado por el Ayuntamiento de Sant Joan Desp\u00ed para difundir la figura del artista Josep Maria Jujol coincidiendo con el 140 aniversario de su nacimiento. El A\u00f1o Jujol140 ha contado con 184 [&hellip;]\" \/>\n<meta property=\"og:url\" content=\"https:\/\/jujol140.cat\/es\/ano-jujol140-cierra-con-230-000-participantes-y-la-celebracion-un-centenar-actividades\/\" \/>\n<meta property=\"og:site_name\" content=\"Jujol 140\" \/>\n<meta property=\"article:published_time\" content=\"2019-12-30T10:30:22+00:00\" \/>\n<meta property=\"og:image\" content=\"https:\/\/jujol140.cat\/wp-content\/uploads\/2019\/12\/j-jujol-escoles.jpg\" \/>\n\t<meta property=\"og:image:width\" content=\"1600\" \/>\n\t<meta property=\"og:image:height\" content=\"1066\" \/>\n\t<meta property=\"og:image:type\" content=\"image\/jpeg\" \/>\n<meta name=\"author\" content=\"aferrerm\" \/>\n<meta name=\"twitter:card\" content=\"summary_large_image\" \/>\n<meta name=\"twitter:label1\" content=\"Escrito por\" \/>\n\t<meta name=\"twitter:data1\" content=\"aferrerm\" \/>\n\t<meta name=\"twitter:label2\" content=\"Tiempo de lectura\" \/>\n\t<meta name=\"twitter:data2\" content=\"4 minutos\" \/>\n<script type=\"application\/ld+json\" class=\"yoast-schema-graph\">{\"@context\":\"https:\\\/\\\/schema.org\",\"@graph\":[{\"@type\":\"Article\",\"@id\":\"https:\\\/\\\/jujol140.cat\\\/es\\\/ano-jujol140-cierra-con-230-000-participantes-y-la-celebracion-un-centenar-actividades\\\/#article\",\"isPartOf\":{\"@id\":\"https:\\\/\\\/jujol140.cat\\\/es\\\/ano-jujol140-cierra-con-230-000-participantes-y-la-celebracion-un-centenar-actividades\\\/\"},\"author\":{\"name\":\"aferrerm\",\"@id\":\"https:\\\/\\\/jujol140.cat\\\/#\\\/schema\\\/person\\\/a0581bb2a86b2c9029e07936f3bd374d\"},\"headline\":\"El A\u00f1o Jujol140 cierra con 230.000 participantes y la celebraci\u00f3n de un centenar de actividades\",\"datePublished\":\"2019-12-30T10:30:22+00:00\",\"mainEntityOfPage\":{\"@id\":\"https:\\\/\\\/jujol140.cat\\\/es\\\/ano-jujol140-cierra-con-230-000-participantes-y-la-celebracion-un-centenar-actividades\\\/\"},\"wordCount\":851,\"image\":{\"@id\":\"https:\\\/\\\/jujol140.cat\\\/es\\\/ano-jujol140-cierra-con-230-000-participantes-y-la-celebracion-un-centenar-actividades\\\/#primaryimage\"},\"thumbnailUrl\":\"https:\\\/\\\/jujol140.cat\\\/wp-content\\\/uploads\\\/2019\\\/12\\\/j-jujol-escoles.jpg\",\"articleSection\":[\"Noticias\"],\"inLanguage\":\"es\"},{\"@type\":\"WebPage\",\"@id\":\"https:\\\/\\\/jujol140.cat\\\/es\\\/ano-jujol140-cierra-con-230-000-participantes-y-la-celebracion-un-centenar-actividades\\\/\",\"url\":\"https:\\\/\\\/jujol140.cat\\\/es\\\/ano-jujol140-cierra-con-230-000-participantes-y-la-celebracion-un-centenar-actividades\\\/\",\"name\":\"El A\u00f1o Jujol140 cierra con 230.000 participantes y la celebraci\u00f3n de un centenar de actividades - Jujol 140\",\"isPartOf\":{\"@id\":\"https:\\\/\\\/jujol140.cat\\\/#website\"},\"primaryImageOfPage\":{\"@id\":\"https:\\\/\\\/jujol140.cat\\\/es\\\/ano-jujol140-cierra-con-230-000-participantes-y-la-celebracion-un-centenar-actividades\\\/#primaryimage\"},\"image\":{\"@id\":\"https:\\\/\\\/jujol140.cat\\\/es\\\/ano-jujol140-cierra-con-230-000-participantes-y-la-celebracion-un-centenar-actividades\\\/#primaryimage\"},\"thumbnailUrl\":\"https:\\\/\\\/jujol140.cat\\\/wp-content\\\/uploads\\\/2019\\\/12\\\/j-jujol-escoles.jpg\",\"datePublished\":\"2019-12-30T10:30:22+00:00\",\"author\":{\"@id\":\"https:\\\/\\\/jujol140.cat\\\/#\\\/schema\\\/person\\\/a0581bb2a86b2c9029e07936f3bd374d\"},\"breadcrumb\":{\"@id\":\"https:\\\/\\\/jujol140.cat\\\/es\\\/ano-jujol140-cierra-con-230-000-participantes-y-la-celebracion-un-centenar-actividades\\\/#breadcrumb\"},\"inLanguage\":\"es\",\"potentialAction\":[{\"@type\":\"ReadAction\",\"target\":[\"https:\\\/\\\/jujol140.cat\\\/es\\\/ano-jujol140-cierra-con-230-000-participantes-y-la-celebracion-un-centenar-actividades\\\/\"]}]},{\"@type\":\"ImageObject\",\"inLanguage\":\"es\",\"@id\":\"https:\\\/\\\/jujol140.cat\\\/es\\\/ano-jujol140-cierra-con-230-000-participantes-y-la-celebracion-un-centenar-actividades\\\/#primaryimage\",\"url\":\"https:\\\/\\\/jujol140.cat\\\/wp-content\\\/uploads\\\/2019\\\/12\\\/j-jujol-escoles.jpg\",\"contentUrl\":\"https:\\\/\\\/jujol140.cat\\\/wp-content\\\/uploads\\\/2019\\\/12\\\/j-jujol-escoles.jpg\",\"width\":1600,\"height\":1066},{\"@type\":\"BreadcrumbList\",\"@id\":\"https:\\\/\\\/jujol140.cat\\\/es\\\/ano-jujol140-cierra-con-230-000-participantes-y-la-celebracion-un-centenar-actividades\\\/#breadcrumb\",\"itemListElement\":[{\"@type\":\"ListItem\",\"position\":1,\"name\":\"Portada\",\"item\":\"https:\\\/\\\/jujol140.cat\\\/es\\\/\"},{\"@type\":\"ListItem\",\"position\":2,\"name\":\"El A\u00f1o Jujol140 cierra con 230.000 participantes y la celebraci\u00f3n de un centenar de actividades\"}]},{\"@type\":\"WebSite\",\"@id\":\"https:\\\/\\\/jujol140.cat\\\/#website\",\"url\":\"https:\\\/\\\/jujol140.cat\\\/\",\"name\":\"Jujol 140\",\"description\":\"Moviment art\u00edstic, cultural i social per difondre la figura de Josep Maria Jujol\",\"potentialAction\":[{\"@type\":\"SearchAction\",\"target\":{\"@type\":\"EntryPoint\",\"urlTemplate\":\"https:\\\/\\\/jujol140.cat\\\/?s={search_term_string}\"},\"query-input\":{\"@type\":\"PropertyValueSpecification\",\"valueRequired\":true,\"valueName\":\"search_term_string\"}}],\"inLanguage\":\"es\"},{\"@type\":\"Person\",\"@id\":\"https:\\\/\\\/jujol140.cat\\\/#\\\/schema\\\/person\\\/a0581bb2a86b2c9029e07936f3bd374d\",\"name\":\"aferrerm\",\"image\":{\"@type\":\"ImageObject\",\"inLanguage\":\"es\",\"@id\":\"https:\\\/\\\/secure.gravatar.com\\\/avatar\\\/a2afbd17311c31ec06f5eb3276fc887799f9ab6c3a47881caf87e35afb7d0a5e?s=96&d=mm&r=g\",\"url\":\"https:\\\/\\\/secure.gravatar.com\\\/avatar\\\/a2afbd17311c31ec06f5eb3276fc887799f9ab6c3a47881caf87e35afb7d0a5e?s=96&d=mm&r=g\",\"contentUrl\":\"https:\\\/\\\/secure.gravatar.com\\\/avatar\\\/a2afbd17311c31ec06f5eb3276fc887799f9ab6c3a47881caf87e35afb7d0a5e?s=96&d=mm&r=g\",\"caption\":\"aferrerm\"},\"url\":\"https:\\\/\\\/jujol140.cat\\\/es\\\/author\\\/aferrerm\\\/\"}]}<\/script>\n<!-- \/ Yoast SEO plugin. -->","yoast_head_json":{"title":"El A\u00f1o Jujol140 cierra con 230.000 participantes y la celebraci\u00f3n de un centenar de actividades - Jujol 140","robots":{"index":"index","follow":"follow","max-snippet":"max-snippet:-1","max-image-preview":"max-image-preview:large","max-video-preview":"max-video-preview:-1"},"canonical":"https:\/\/jujol140.cat\/es\/ano-jujol140-cierra-con-230-000-participantes-y-la-celebracion-un-centenar-actividades\/","og_locale":"es_ES","og_type":"article","og_title":"El A\u00f1o Jujol140 cierra con 230.000 participantes y la celebraci\u00f3n de un centenar de actividades - Jujol 140","og_description":"M\u00e1s de 230.000 personas han participado en el centenar de actividades organizadas con motivo del A\u00f1o Jujol140, el movimiento art\u00edstico, cultural y social impulsado por el Ayuntamiento de Sant Joan Desp\u00ed para difundir la figura del artista Josep Maria Jujol coincidiendo con el 140 aniversario de su nacimiento. El A\u00f1o Jujol140 ha contado con 184 [&hellip;]","og_url":"https:\/\/jujol140.cat\/es\/ano-jujol140-cierra-con-230-000-participantes-y-la-celebracion-un-centenar-actividades\/","og_site_name":"Jujol 140","article_published_time":"2019-12-30T10:30:22+00:00","og_image":[{"width":1600,"height":1066,"url":"https:\/\/jujol140.cat\/wp-content\/uploads\/2019\/12\/j-jujol-escoles.jpg","type":"image\/jpeg"}],"author":"aferrerm","twitter_card":"summary_large_image","twitter_misc":{"Escrito por":"aferrerm","Tiempo de lectura":"4 minutos"},"schema":{"@context":"https:\/\/schema.org","@graph":[{"@type":"Article","@id":"https:\/\/jujol140.cat\/es\/ano-jujol140-cierra-con-230-000-participantes-y-la-celebracion-un-centenar-actividades\/#article","isPartOf":{"@id":"https:\/\/jujol140.cat\/es\/ano-jujol140-cierra-con-230-000-participantes-y-la-celebracion-un-centenar-actividades\/"},"author":{"name":"aferrerm","@id":"https:\/\/jujol140.cat\/#\/schema\/person\/a0581bb2a86b2c9029e07936f3bd374d"},"headline":"El A\u00f1o Jujol140 cierra con 230.000 participantes y la celebraci\u00f3n de un centenar de actividades","datePublished":"2019-12-30T10:30:22+00:00","mainEntityOfPage":{"@id":"https:\/\/jujol140.cat\/es\/ano-jujol140-cierra-con-230-000-participantes-y-la-celebracion-un-centenar-actividades\/"},"wordCount":851,"image":{"@id":"https:\/\/jujol140.cat\/es\/ano-jujol140-cierra-con-230-000-participantes-y-la-celebracion-un-centenar-actividades\/#primaryimage"},"thumbnailUrl":"https:\/\/jujol140.cat\/wp-content\/uploads\/2019\/12\/j-jujol-escoles.jpg","articleSection":["Noticias"],"inLanguage":"es"},{"@type":"WebPage","@id":"https:\/\/jujol140.cat\/es\/ano-jujol140-cierra-con-230-000-participantes-y-la-celebracion-un-centenar-actividades\/","url":"https:\/\/jujol140.cat\/es\/ano-jujol140-cierra-con-230-000-participantes-y-la-celebracion-un-centenar-actividades\/","name":"El A\u00f1o Jujol140 cierra con 230.000 participantes y la celebraci\u00f3n de un centenar de actividades - Jujol 140","isPartOf":{"@id":"https:\/\/jujol140.cat\/#website"},"primaryImageOfPage":{"@id":"https:\/\/jujol140.cat\/es\/ano-jujol140-cierra-con-230-000-participantes-y-la-celebracion-un-centenar-actividades\/#primaryimage"},"image":{"@id":"https:\/\/jujol140.cat\/es\/ano-jujol140-cierra-con-230-000-participantes-y-la-celebracion-un-centenar-actividades\/#primaryimage"},"thumbnailUrl":"https:\/\/jujol140.cat\/wp-content\/uploads\/2019\/12\/j-jujol-escoles.jpg","datePublished":"2019-12-30T10:30:22+00:00","author":{"@id":"https:\/\/jujol140.cat\/#\/schema\/person\/a0581bb2a86b2c9029e07936f3bd374d"},"breadcrumb":{"@id":"https:\/\/jujol140.cat\/es\/ano-jujol140-cierra-con-230-000-participantes-y-la-celebracion-un-centenar-actividades\/#breadcrumb"},"inLanguage":"es","potentialAction":[{"@type":"ReadAction","target":["https:\/\/jujol140.cat\/es\/ano-jujol140-cierra-con-230-000-participantes-y-la-celebracion-un-centenar-actividades\/"]}]},{"@type":"ImageObject","inLanguage":"es","@id":"https:\/\/jujol140.cat\/es\/ano-jujol140-cierra-con-230-000-participantes-y-la-celebracion-un-centenar-actividades\/#primaryimage","url":"https:\/\/jujol140.cat\/wp-content\/uploads\/2019\/12\/j-jujol-escoles.jpg","contentUrl":"https:\/\/jujol140.cat\/wp-content\/uploads\/2019\/12\/j-jujol-escoles.jpg","width":1600,"height":1066},{"@type":"BreadcrumbList","@id":"https:\/\/jujol140.cat\/es\/ano-jujol140-cierra-con-230-000-participantes-y-la-celebracion-un-centenar-actividades\/#breadcrumb","itemListElement":[{"@type":"ListItem","position":1,"name":"Portada","item":"https:\/\/jujol140.cat\/es\/"},{"@type":"ListItem","position":2,"name":"El A\u00f1o Jujol140 cierra con 230.000 participantes y la celebraci\u00f3n de un centenar de actividades"}]},{"@type":"WebSite","@id":"https:\/\/jujol140.cat\/#website","url":"https:\/\/jujol140.cat\/","name":"Jujol 140","description":"Moviment art\u00edstic, cultural i social per difondre la figura de Josep Maria Jujol","potentialAction":[{"@type":"SearchAction","target":{"@type":"EntryPoint","urlTemplate":"https:\/\/jujol140.cat\/?s={search_term_string}"},"query-input":{"@type":"PropertyValueSpecification","valueRequired":true,"valueName":"search_term_string"}}],"inLanguage":"es"},{"@type":"Person","@id":"https:\/\/jujol140.cat\/#\/schema\/person\/a0581bb2a86b2c9029e07936f3bd374d","name":"aferrerm","image":{"@type":"ImageObject","inLanguage":"es","@id":"https:\/\/secure.gravatar.com\/avatar\/a2afbd17311c31ec06f5eb3276fc887799f9ab6c3a47881caf87e35afb7d0a5e?s=96&d=mm&r=g","url":"https:\/\/secure.gravatar.com\/avatar\/a2afbd17311c31ec06f5eb3276fc887799f9ab6c3a47881caf87e35afb7d0a5e?s=96&d=mm&r=g","contentUrl":"https:\/\/secure.gravatar.com\/avatar\/a2afbd17311c31ec06f5eb3276fc887799f9ab6c3a47881caf87e35afb7d0a5e?s=96&d=mm&r=g","caption":"aferrerm"},"url":"https:\/\/jujol140.cat\/es\/author\/aferrerm\/"}]}},"_links":{"self":[{"href":"https:\/\/jujol140.cat\/es\/wp-json\/wp\/v2\/posts\/2949","targetHints":{"allow":["GET"]}}],"collection":[{"href":"https:\/\/jujol140.cat\/es\/wp-json\/wp\/v2\/posts"}],"about":[{"href":"https:\/\/jujol140.cat\/es\/wp-json\/wp\/v2\/types\/post"}],"author":[{"embeddable":true,"href":"https:\/\/jujol140.cat\/es\/wp-json\/wp\/v2\/users\/3"}],"replies":[{"embeddable":true,"href":"https:\/\/jujol140.cat\/es\/wp-json\/wp\/v2\/comments?post=2949"}],"version-history":[{"count":5,"href":"https:\/\/jujol140.cat\/es\/wp-json\/wp\/v2\/posts\/2949\/revisions"}],"predecessor-version":[{"id":2951,"href":"https:\/\/jujol140.cat\/es\/wp-json\/wp\/v2\/posts\/2949\/revisions\/2951"}],"wp:featuredmedia":[{"embeddable":true,"href":"https:\/\/jujol140.cat\/es\/wp-json\/wp\/v2\/media\/2941"}],"wp:attachment":[{"href":"https:\/\/jujol140.cat\/es\/wp-json\/wp\/v2\/media?parent=2949"}],"wp:term":[{"taxonomy":"category","embeddable":true,"href":"https:\/\/jujol140.cat\/es\/wp-json\/wp\/v2\/categories?post=2949"},{"taxonomy":"post_tag","embeddable":true,"href":"https:\/\/jujol140.cat\/es\/wp-json\/wp\/v2\/tags?post=2949"}],"curies":[{"name":"wp","href":"https:\/\/api.w.org\/{rel}","templated":true}]}}