{"id":1372,"date":"2018-10-29T13:04:37","date_gmt":"2018-10-29T13:04:37","guid":{"rendered":"http:\/\/jujol140.cat\/centenars-de-persones-admiren-lobra-de-jujol-a-sant-joan-despi-durant-lopen-house\/"},"modified":"2018-10-29T13:30:06","modified_gmt":"2018-10-29T13:30:06","slug":"centenars-de-persones-admiren-lobra-de-jujol-a-sant-joan-despi-durant-lopen-house","status":"publish","type":"post","link":"https:\/\/jujol140.cat\/es\/centenars-de-persones-admiren-lobra-de-jujol-a-sant-joan-despi-durant-lopen-house\/","title":{"rendered":"Centenares de visitantes admiran la obra de Jujol en Sant Joan Desp\u00ed durante el Open House"},"content":{"rendered":"<div id=\"gt-res-content\">\n<div id=\"gt-res-dir-ctr\" class=\"trans-verified-button-small\" dir=\"ltr\">\n<div id=\"tts_button\"><span id=\"result_box\" class=\"\" lang=\"es\"><span class=\"\">La arquitectura<\/span> de Josep Maria Jujol ha sido la progatonista del festival <span class=\"\">48h Open<\/span> <span class=\"\">House<\/span> Barcelona en Sant Joan Desp\u00ed. Can Negre y la Torre de la Creu, dos de las <span class=\"\">obras m\u00e1s<\/span> importantes de Jujol, han sido los edificios m\u00e1s visitados durante el fin de semana. En Sant Joan Desp\u00ed, las actividades del Open House han reunido a 2.897 visitantes, de los cuales\u00a01.780 han pasado por alguno de los edificios de Jujol.<\/span><\/div>\n<\/div>\n<\/div>\n<p><!--more--><\/p>\n<div id=\"attachment_1354\" style=\"width: 310px\" class=\"wp-caption alignright\"><img loading=\"lazy\" decoding=\"async\" aria-describedby=\"caption-attachment-1354\" class=\"wp-image-1354 size-medium\" src=\"http:\/\/jujol140.cat\/wp-content\/uploads\/2018\/10\/Open-House-Can-Negre-2-2018-300x200.jpg\" alt=\"\" width=\"300\" height=\"200\" srcset=\"https:\/\/jujol140.cat\/wp-content\/uploads\/2018\/10\/Open-House-Can-Negre-2-2018-300x200.jpg 300w, https:\/\/jujol140.cat\/wp-content\/uploads\/2018\/10\/Open-House-Can-Negre-2-2018-768x512.jpg 768w, https:\/\/jujol140.cat\/wp-content\/uploads\/2018\/10\/Open-House-Can-Negre-2-2018-1024x682.jpg 1024w, https:\/\/jujol140.cat\/wp-content\/uploads\/2018\/10\/Open-House-Can-Negre-2-2018-1080x720.jpg 1080w, https:\/\/jujol140.cat\/wp-content\/uploads\/2018\/10\/Open-House-Can-Negre-2-2018.jpg 1600w\" sizes=\"(max-width: 300px) 100vw, 300px\" \/><p id=\"caption-attachment-1354\" class=\"wp-caption-text\">Can Negre<\/p><\/div>\n<p><span id=\"result_box\" class=\"\" lang=\"es\"><span title=\"El cap de setmana del 27 i 28 d'octubre Sant Joan Desp\u00ed ha participat en el festival 48h Open House Barcelona per quarta vegada consecutiva.\">El fin de semana del 27 y 28 de octubre<strong> Sant Joan Desp\u00ed<\/strong> ha participado en el festival 48h Open House Barcelona por cuarta vez consecutiva. <\/span><span title=\"La ciutat ha obert una desena d'edificis d'arquitectura singular: Can Negre, la Torre de la Creu, la Casa Rovira, Can Maluquer, Can Po Cardona, Can Tous, el restaurant Follia, la Ciutat Esportiva del Futbol Club Barcelona, les\">La ciudad ha abierto una decena de edificios de arquitectura singular: Can Negre, la Torre de la Creu, la Casa Rovira, Can Maluquer, Can Po Cardona, Can Tous, el restaurante Follia, la Ciudad Deportiva del F\u00fatbol Club Barcelona, \u200b\u200blas <\/span><span title=\"cotxeres del Trambaix i l'Estaci\u00f3 de Tractament d'Aigua Potable, que han registrat 2.560 visitants.\n\n\">cocheras del Trambaix y la Estaci\u00f3n de Tratamiento de Agua Potable, que han registrado 2.560 visitantes.<\/p>\n<p><\/span><span title=\"Quatre dels edificis tenen l'empremta de Josep Maria Jujol: Can Negre -l'antiga masia adaptada per Jujol com a casa d'estiueig-, la Torre de la Creu -la casa encarregada per Josefa Romeu a Jujol-, la Casa Rovira -\">Cuatro de estos edificios tienen la huella de Josep Maria Jujol: Can Negre -la antigua mas\u00eda adaptada por Jujol como casa de veraneo-, la Torre de la Creu -la casa encargada por Josefa Romeu a Jujol-, la Casa Rovira &#8211; <\/span><span title=\"amb la fa\u00e7ana decorada per Jujol- i Can Po Cardona -una antiga masia transformada en casa residencial que compta amb esgrafiats de Jujol a la fa\u00e7ana-.\">con la fachada decorada por Jujol- y Can Po Cardona -una antigua mas\u00eda transformada en casa residencial que cuenta con esgrafiados de Jujol en la fachada-. <\/span><span title=\"Aquests quatre edificis han rebut 1.464 visitants.\n\n\">Estos cuatro edificios han recibido a 1.464 visitantes.<\/p>\n<p><\/span><span title=\"Durant l'Open House, a Sant Joan Desp\u00ed tamb\u00e9 s'han organitzat edicions especials de dos itineraris culturals: l'Itinerari hist\u00f2ric del Canal de la Infanta i l'Itinerari Modernista Jujol a Sant Joan Desp\u00ed, que han comptat amb la participaci\u00f3 de 337\">Durante el Open House, en Sant Joan Desp\u00ed tambi\u00e9n se han organizado ediciones especiales de dos itinerarios culturales: el Itinerario hist\u00f3rico del Canal de la Infanta y el Itinerario Modernista Jujol en Sant Joan Desp\u00ed, que han contado con la participaci\u00f3n de 337 <\/span><span title=\"persones.\">personas. <\/span><span title=\"En el cas de l'Itinerari Modernista Jujol a Sant Joan Desp\u00ed, el nombre de participants ha estat de 316.\">En el caso del<strong> Itinerario Modernista Jujol en Sant Joan Desp\u00ed<\/strong>, el n\u00famero de participantes ha sido de 316.<\/span><\/span><\/p>\n<p>&nbsp;<\/p>\n<div id=\"attachment_1357\" style=\"width: 310px\" class=\"wp-caption alignleft\"><img loading=\"lazy\" decoding=\"async\" aria-describedby=\"caption-attachment-1357\" class=\"size-medium wp-image-1357\" src=\"http:\/\/jujol140.cat\/wp-content\/uploads\/2018\/10\/Open-House-Can-Negre-2018-300x200.jpg\" alt=\"\" width=\"300\" height=\"200\" srcset=\"https:\/\/jujol140.cat\/wp-content\/uploads\/2018\/10\/Open-House-Can-Negre-2018-300x200.jpg 300w, https:\/\/jujol140.cat\/wp-content\/uploads\/2018\/10\/Open-House-Can-Negre-2018-768x512.jpg 768w, https:\/\/jujol140.cat\/wp-content\/uploads\/2018\/10\/Open-House-Can-Negre-2018-1024x682.jpg 1024w, https:\/\/jujol140.cat\/wp-content\/uploads\/2018\/10\/Open-House-Can-Negre-2018-1080x720.jpg 1080w, https:\/\/jujol140.cat\/wp-content\/uploads\/2018\/10\/Open-House-Can-Negre-2018.jpg 1600w\" sizes=\"(max-width: 300px) 100vw, 300px\" \/><p id=\"caption-attachment-1357\" class=\"wp-caption-text\">Can Negre<\/p><\/div>\n<div id=\"attachment_1363\" style=\"width: 310px\" class=\"wp-caption alignleft\"><img loading=\"lazy\" decoding=\"async\" aria-describedby=\"caption-attachment-1363\" class=\"size-medium wp-image-1363\" src=\"http:\/\/jujol140.cat\/wp-content\/uploads\/2018\/10\/Open-House-Torre-de-la-Creu-2018-300x200.jpg\" alt=\"\" width=\"300\" height=\"200\" srcset=\"https:\/\/jujol140.cat\/wp-content\/uploads\/2018\/10\/Open-House-Torre-de-la-Creu-2018-300x200.jpg 300w, https:\/\/jujol140.cat\/wp-content\/uploads\/2018\/10\/Open-House-Torre-de-la-Creu-2018-768x512.jpg 768w, https:\/\/jujol140.cat\/wp-content\/uploads\/2018\/10\/Open-House-Torre-de-la-Creu-2018-1024x682.jpg 1024w, https:\/\/jujol140.cat\/wp-content\/uploads\/2018\/10\/Open-House-Torre-de-la-Creu-2018-1080x720.jpg 1080w, https:\/\/jujol140.cat\/wp-content\/uploads\/2018\/10\/Open-House-Torre-de-la-Creu-2018.jpg 1600w\" sizes=\"(max-width: 300px) 100vw, 300px\" \/><p id=\"caption-attachment-1363\" class=\"wp-caption-text\">Torre de la Creu<\/p><\/div>\n","protected":false},"excerpt":{"rendered":"<p>La arquitectura de Josep Maria Jujol ha sido la progatonista del festival 48h Open House Barcelona en Sant Joan Desp\u00ed. Can Negre y la Torre de la Creu, dos de las obras m\u00e1s importantes de Jujol, han sido los edificios m\u00e1s visitados durante el fin de semana. En Sant Joan Desp\u00ed, las actividades del Open [&hellip;]<\/p>\n","protected":false},"author":3,"featured_media":1356,"comment_status":"closed","ping_status":"closed","sticky":false,"template":"","format":"standard","meta":{"_et_pb_use_builder":"","_et_pb_old_content":"","_et_gb_content_width":"","footnotes":""},"categories":[13],"tags":[],"class_list":["post-1372","post","type-post","status-publish","format-standard","has-post-thumbnail","hentry","category-noticias"],"yoast_head":"<!-- This site is optimized with the Yoast SEO plugin v27.4 - https:\/\/yoast.com\/product\/yoast-seo-wordpress\/ -->\n<title>Centenares de visitantes admiran la obra de Jujol en Sant Joan Desp\u00ed durante el Open House - Jujol 140<\/title>\n<meta name=\"robots\" content=\"index, follow, max-snippet:-1, max-image-preview:large, max-video-preview:-1\" \/>\n<link rel=\"canonical\" href=\"https:\/\/jujol140.cat\/es\/centenars-de-persones-admiren-lobra-de-jujol-a-sant-joan-despi-durant-lopen-house\/\" \/>\n<meta property=\"og:locale\" content=\"es_ES\" \/>\n<meta property=\"og:type\" content=\"article\" \/>\n<meta property=\"og:title\" content=\"Centenares de visitantes admiran la obra de Jujol en Sant Joan Desp\u00ed durante el Open House - Jujol 140\" \/>\n<meta property=\"og:description\" content=\"La arquitectura de Josep Maria Jujol ha sido la progatonista del festival 48h Open House Barcelona en Sant Joan Desp\u00ed. Can Negre y la Torre de la Creu, dos de las obras m\u00e1s importantes de Jujol, han sido los edificios m\u00e1s visitados durante el fin de semana. En Sant Joan Desp\u00ed, las actividades del Open [&hellip;]\" \/>\n<meta property=\"og:url\" content=\"https:\/\/jujol140.cat\/es\/centenars-de-persones-admiren-lobra-de-jujol-a-sant-joan-despi-durant-lopen-house\/\" \/>\n<meta property=\"og:site_name\" content=\"Jujol 140\" \/>\n<meta property=\"article:published_time\" content=\"2018-10-29T13:04:37+00:00\" \/>\n<meta property=\"article:modified_time\" content=\"2018-10-29T13:30:06+00:00\" \/>\n<meta property=\"og:image\" content=\"https:\/\/jujol140.cat\/wp-content\/uploads\/2018\/10\/Open-House-Can-Negre-2-2018.jpg\" \/>\n\t<meta property=\"og:image:width\" content=\"1600\" \/>\n\t<meta property=\"og:image:height\" content=\"1066\" \/>\n\t<meta property=\"og:image:type\" content=\"image\/jpeg\" \/>\n<meta name=\"author\" content=\"aferrerm\" \/>\n<meta name=\"twitter:card\" content=\"summary_large_image\" \/>\n<meta name=\"twitter:label1\" content=\"Escrito por\" \/>\n\t<meta name=\"twitter:data1\" content=\"aferrerm\" \/>\n\t<meta name=\"twitter:label2\" content=\"Tiempo de lectura\" \/>\n\t<meta name=\"twitter:data2\" content=\"2 minutos\" \/>\n<script type=\"application\/ld+json\" class=\"yoast-schema-graph\">{\"@context\":\"https:\\\/\\\/schema.org\",\"@graph\":[{\"@type\":\"Article\",\"@id\":\"https:\\\/\\\/jujol140.cat\\\/es\\\/centenars-de-persones-admiren-lobra-de-jujol-a-sant-joan-despi-durant-lopen-house\\\/#article\",\"isPartOf\":{\"@id\":\"https:\\\/\\\/jujol140.cat\\\/es\\\/centenars-de-persones-admiren-lobra-de-jujol-a-sant-joan-despi-durant-lopen-house\\\/\"},\"author\":{\"name\":\"aferrerm\",\"@id\":\"https:\\\/\\\/jujol140.cat\\\/#\\\/schema\\\/person\\\/a0581bb2a86b2c9029e07936f3bd374d\"},\"headline\":\"Centenares de visitantes admiran la obra de Jujol en Sant Joan Desp\u00ed durante el Open House\",\"datePublished\":\"2018-10-29T13:04:37+00:00\",\"dateModified\":\"2018-10-29T13:30:06+00:00\",\"mainEntityOfPage\":{\"@id\":\"https:\\\/\\\/jujol140.cat\\\/es\\\/centenars-de-persones-admiren-lobra-de-jujol-a-sant-joan-despi-durant-lopen-house\\\/\"},\"wordCount\":340,\"image\":{\"@id\":\"https:\\\/\\\/jujol140.cat\\\/es\\\/centenars-de-persones-admiren-lobra-de-jujol-a-sant-joan-despi-durant-lopen-house\\\/#primaryimage\"},\"thumbnailUrl\":\"https:\\\/\\\/jujol140.cat\\\/wp-content\\\/uploads\\\/2018\\\/10\\\/Open-House-Can-Negre-2-2018.jpg\",\"articleSection\":[\"Noticias\"],\"inLanguage\":\"es\"},{\"@type\":\"WebPage\",\"@id\":\"https:\\\/\\\/jujol140.cat\\\/es\\\/centenars-de-persones-admiren-lobra-de-jujol-a-sant-joan-despi-durant-lopen-house\\\/\",\"url\":\"https:\\\/\\\/jujol140.cat\\\/es\\\/centenars-de-persones-admiren-lobra-de-jujol-a-sant-joan-despi-durant-lopen-house\\\/\",\"name\":\"Centenares de visitantes admiran la obra de Jujol en Sant Joan Desp\u00ed durante el Open House - Jujol 140\",\"isPartOf\":{\"@id\":\"https:\\\/\\\/jujol140.cat\\\/#website\"},\"primaryImageOfPage\":{\"@id\":\"https:\\\/\\\/jujol140.cat\\\/es\\\/centenars-de-persones-admiren-lobra-de-jujol-a-sant-joan-despi-durant-lopen-house\\\/#primaryimage\"},\"image\":{\"@id\":\"https:\\\/\\\/jujol140.cat\\\/es\\\/centenars-de-persones-admiren-lobra-de-jujol-a-sant-joan-despi-durant-lopen-house\\\/#primaryimage\"},\"thumbnailUrl\":\"https:\\\/\\\/jujol140.cat\\\/wp-content\\\/uploads\\\/2018\\\/10\\\/Open-House-Can-Negre-2-2018.jpg\",\"datePublished\":\"2018-10-29T13:04:37+00:00\",\"dateModified\":\"2018-10-29T13:30:06+00:00\",\"author\":{\"@id\":\"https:\\\/\\\/jujol140.cat\\\/#\\\/schema\\\/person\\\/a0581bb2a86b2c9029e07936f3bd374d\"},\"breadcrumb\":{\"@id\":\"https:\\\/\\\/jujol140.cat\\\/es\\\/centenars-de-persones-admiren-lobra-de-jujol-a-sant-joan-despi-durant-lopen-house\\\/#breadcrumb\"},\"inLanguage\":\"es\",\"potentialAction\":[{\"@type\":\"ReadAction\",\"target\":[\"https:\\\/\\\/jujol140.cat\\\/es\\\/centenars-de-persones-admiren-lobra-de-jujol-a-sant-joan-despi-durant-lopen-house\\\/\"]}]},{\"@type\":\"ImageObject\",\"inLanguage\":\"es\",\"@id\":\"https:\\\/\\\/jujol140.cat\\\/es\\\/centenars-de-persones-admiren-lobra-de-jujol-a-sant-joan-despi-durant-lopen-house\\\/#primaryimage\",\"url\":\"https:\\\/\\\/jujol140.cat\\\/wp-content\\\/uploads\\\/2018\\\/10\\\/Open-House-Can-Negre-2-2018.jpg\",\"contentUrl\":\"https:\\\/\\\/jujol140.cat\\\/wp-content\\\/uploads\\\/2018\\\/10\\\/Open-House-Can-Negre-2-2018.jpg\",\"width\":1600,\"height\":1066},{\"@type\":\"BreadcrumbList\",\"@id\":\"https:\\\/\\\/jujol140.cat\\\/es\\\/centenars-de-persones-admiren-lobra-de-jujol-a-sant-joan-despi-durant-lopen-house\\\/#breadcrumb\",\"itemListElement\":[{\"@type\":\"ListItem\",\"position\":1,\"name\":\"Portada\",\"item\":\"https:\\\/\\\/jujol140.cat\\\/es\\\/\"},{\"@type\":\"ListItem\",\"position\":2,\"name\":\"Centenares de visitantes admiran la obra de Jujol en Sant Joan Desp\u00ed durante el Open House\"}]},{\"@type\":\"WebSite\",\"@id\":\"https:\\\/\\\/jujol140.cat\\\/#website\",\"url\":\"https:\\\/\\\/jujol140.cat\\\/\",\"name\":\"Jujol 140\",\"description\":\"Moviment art\u00edstic, cultural i social per difondre la figura de Josep Maria Jujol\",\"potentialAction\":[{\"@type\":\"SearchAction\",\"target\":{\"@type\":\"EntryPoint\",\"urlTemplate\":\"https:\\\/\\\/jujol140.cat\\\/?s={search_term_string}\"},\"query-input\":{\"@type\":\"PropertyValueSpecification\",\"valueRequired\":true,\"valueName\":\"search_term_string\"}}],\"inLanguage\":\"es\"},{\"@type\":\"Person\",\"@id\":\"https:\\\/\\\/jujol140.cat\\\/#\\\/schema\\\/person\\\/a0581bb2a86b2c9029e07936f3bd374d\",\"name\":\"aferrerm\",\"image\":{\"@type\":\"ImageObject\",\"inLanguage\":\"es\",\"@id\":\"https:\\\/\\\/secure.gravatar.com\\\/avatar\\\/a2afbd17311c31ec06f5eb3276fc887799f9ab6c3a47881caf87e35afb7d0a5e?s=96&d=mm&r=g\",\"url\":\"https:\\\/\\\/secure.gravatar.com\\\/avatar\\\/a2afbd17311c31ec06f5eb3276fc887799f9ab6c3a47881caf87e35afb7d0a5e?s=96&d=mm&r=g\",\"contentUrl\":\"https:\\\/\\\/secure.gravatar.com\\\/avatar\\\/a2afbd17311c31ec06f5eb3276fc887799f9ab6c3a47881caf87e35afb7d0a5e?s=96&d=mm&r=g\",\"caption\":\"aferrerm\"},\"url\":\"https:\\\/\\\/jujol140.cat\\\/es\\\/author\\\/aferrerm\\\/\"}]}<\/script>\n<!-- \/ Yoast SEO plugin. -->","yoast_head_json":{"title":"Centenares de visitantes admiran la obra de Jujol en Sant Joan Desp\u00ed durante el Open House - Jujol 140","robots":{"index":"index","follow":"follow","max-snippet":"max-snippet:-1","max-image-preview":"max-image-preview:large","max-video-preview":"max-video-preview:-1"},"canonical":"https:\/\/jujol140.cat\/es\/centenars-de-persones-admiren-lobra-de-jujol-a-sant-joan-despi-durant-lopen-house\/","og_locale":"es_ES","og_type":"article","og_title":"Centenares de visitantes admiran la obra de Jujol en Sant Joan Desp\u00ed durante el Open House - Jujol 140","og_description":"La arquitectura de Josep Maria Jujol ha sido la progatonista del festival 48h Open House Barcelona en Sant Joan Desp\u00ed. Can Negre y la Torre de la Creu, dos de las obras m\u00e1s importantes de Jujol, han sido los edificios m\u00e1s visitados durante el fin de semana. En Sant Joan Desp\u00ed, las actividades del Open [&hellip;]","og_url":"https:\/\/jujol140.cat\/es\/centenars-de-persones-admiren-lobra-de-jujol-a-sant-joan-despi-durant-lopen-house\/","og_site_name":"Jujol 140","article_published_time":"2018-10-29T13:04:37+00:00","article_modified_time":"2018-10-29T13:30:06+00:00","og_image":[{"width":1600,"height":1066,"url":"https:\/\/jujol140.cat\/wp-content\/uploads\/2018\/10\/Open-House-Can-Negre-2-2018.jpg","type":"image\/jpeg"}],"author":"aferrerm","twitter_card":"summary_large_image","twitter_misc":{"Escrito por":"aferrerm","Tiempo de lectura":"2 minutos"},"schema":{"@context":"https:\/\/schema.org","@graph":[{"@type":"Article","@id":"https:\/\/jujol140.cat\/es\/centenars-de-persones-admiren-lobra-de-jujol-a-sant-joan-despi-durant-lopen-house\/#article","isPartOf":{"@id":"https:\/\/jujol140.cat\/es\/centenars-de-persones-admiren-lobra-de-jujol-a-sant-joan-despi-durant-lopen-house\/"},"author":{"name":"aferrerm","@id":"https:\/\/jujol140.cat\/#\/schema\/person\/a0581bb2a86b2c9029e07936f3bd374d"},"headline":"Centenares de visitantes admiran la obra de Jujol en Sant Joan Desp\u00ed durante el Open House","datePublished":"2018-10-29T13:04:37+00:00","dateModified":"2018-10-29T13:30:06+00:00","mainEntityOfPage":{"@id":"https:\/\/jujol140.cat\/es\/centenars-de-persones-admiren-lobra-de-jujol-a-sant-joan-despi-durant-lopen-house\/"},"wordCount":340,"image":{"@id":"https:\/\/jujol140.cat\/es\/centenars-de-persones-admiren-lobra-de-jujol-a-sant-joan-despi-durant-lopen-house\/#primaryimage"},"thumbnailUrl":"https:\/\/jujol140.cat\/wp-content\/uploads\/2018\/10\/Open-House-Can-Negre-2-2018.jpg","articleSection":["Noticias"],"inLanguage":"es"},{"@type":"WebPage","@id":"https:\/\/jujol140.cat\/es\/centenars-de-persones-admiren-lobra-de-jujol-a-sant-joan-despi-durant-lopen-house\/","url":"https:\/\/jujol140.cat\/es\/centenars-de-persones-admiren-lobra-de-jujol-a-sant-joan-despi-durant-lopen-house\/","name":"Centenares de visitantes admiran la obra de Jujol en Sant Joan Desp\u00ed durante el Open House - Jujol 140","isPartOf":{"@id":"https:\/\/jujol140.cat\/#website"},"primaryImageOfPage":{"@id":"https:\/\/jujol140.cat\/es\/centenars-de-persones-admiren-lobra-de-jujol-a-sant-joan-despi-durant-lopen-house\/#primaryimage"},"image":{"@id":"https:\/\/jujol140.cat\/es\/centenars-de-persones-admiren-lobra-de-jujol-a-sant-joan-despi-durant-lopen-house\/#primaryimage"},"thumbnailUrl":"https:\/\/jujol140.cat\/wp-content\/uploads\/2018\/10\/Open-House-Can-Negre-2-2018.jpg","datePublished":"2018-10-29T13:04:37+00:00","dateModified":"2018-10-29T13:30:06+00:00","author":{"@id":"https:\/\/jujol140.cat\/#\/schema\/person\/a0581bb2a86b2c9029e07936f3bd374d"},"breadcrumb":{"@id":"https:\/\/jujol140.cat\/es\/centenars-de-persones-admiren-lobra-de-jujol-a-sant-joan-despi-durant-lopen-house\/#breadcrumb"},"inLanguage":"es","potentialAction":[{"@type":"ReadAction","target":["https:\/\/jujol140.cat\/es\/centenars-de-persones-admiren-lobra-de-jujol-a-sant-joan-despi-durant-lopen-house\/"]}]},{"@type":"ImageObject","inLanguage":"es","@id":"https:\/\/jujol140.cat\/es\/centenars-de-persones-admiren-lobra-de-jujol-a-sant-joan-despi-durant-lopen-house\/#primaryimage","url":"https:\/\/jujol140.cat\/wp-content\/uploads\/2018\/10\/Open-House-Can-Negre-2-2018.jpg","contentUrl":"https:\/\/jujol140.cat\/wp-content\/uploads\/2018\/10\/Open-House-Can-Negre-2-2018.jpg","width":1600,"height":1066},{"@type":"BreadcrumbList","@id":"https:\/\/jujol140.cat\/es\/centenars-de-persones-admiren-lobra-de-jujol-a-sant-joan-despi-durant-lopen-house\/#breadcrumb","itemListElement":[{"@type":"ListItem","position":1,"name":"Portada","item":"https:\/\/jujol140.cat\/es\/"},{"@type":"ListItem","position":2,"name":"Centenares de visitantes admiran la obra de Jujol en Sant Joan Desp\u00ed durante el Open House"}]},{"@type":"WebSite","@id":"https:\/\/jujol140.cat\/#website","url":"https:\/\/jujol140.cat\/","name":"Jujol 140","description":"Moviment art\u00edstic, cultural i social per difondre la figura de Josep Maria Jujol","potentialAction":[{"@type":"SearchAction","target":{"@type":"EntryPoint","urlTemplate":"https:\/\/jujol140.cat\/?s={search_term_string}"},"query-input":{"@type":"PropertyValueSpecification","valueRequired":true,"valueName":"search_term_string"}}],"inLanguage":"es"},{"@type":"Person","@id":"https:\/\/jujol140.cat\/#\/schema\/person\/a0581bb2a86b2c9029e07936f3bd374d","name":"aferrerm","image":{"@type":"ImageObject","inLanguage":"es","@id":"https:\/\/secure.gravatar.com\/avatar\/a2afbd17311c31ec06f5eb3276fc887799f9ab6c3a47881caf87e35afb7d0a5e?s=96&d=mm&r=g","url":"https:\/\/secure.gravatar.com\/avatar\/a2afbd17311c31ec06f5eb3276fc887799f9ab6c3a47881caf87e35afb7d0a5e?s=96&d=mm&r=g","contentUrl":"https:\/\/secure.gravatar.com\/avatar\/a2afbd17311c31ec06f5eb3276fc887799f9ab6c3a47881caf87e35afb7d0a5e?s=96&d=mm&r=g","caption":"aferrerm"},"url":"https:\/\/jujol140.cat\/es\/author\/aferrerm\/"}]}},"_links":{"self":[{"href":"https:\/\/jujol140.cat\/es\/wp-json\/wp\/v2\/posts\/1372","targetHints":{"allow":["GET"]}}],"collection":[{"href":"https:\/\/jujol140.cat\/es\/wp-json\/wp\/v2\/posts"}],"about":[{"href":"https:\/\/jujol140.cat\/es\/wp-json\/wp\/v2\/types\/post"}],"author":[{"embeddable":true,"href":"https:\/\/jujol140.cat\/es\/wp-json\/wp\/v2\/users\/3"}],"replies":[{"embeddable":true,"href":"https:\/\/jujol140.cat\/es\/wp-json\/wp\/v2\/comments?post=1372"}],"version-history":[{"count":2,"href":"https:\/\/jujol140.cat\/es\/wp-json\/wp\/v2\/posts\/1372\/revisions"}],"predecessor-version":[{"id":1374,"href":"https:\/\/jujol140.cat\/es\/wp-json\/wp\/v2\/posts\/1372\/revisions\/1374"}],"wp:featuredmedia":[{"embeddable":true,"href":"https:\/\/jujol140.cat\/es\/wp-json\/wp\/v2\/media\/1356"}],"wp:attachment":[{"href":"https:\/\/jujol140.cat\/es\/wp-json\/wp\/v2\/media?parent=1372"}],"wp:term":[{"taxonomy":"category","embeddable":true,"href":"https:\/\/jujol140.cat\/es\/wp-json\/wp\/v2\/categories?post=1372"},{"taxonomy":"post_tag","embeddable":true,"href":"https:\/\/jujol140.cat\/es\/wp-json\/wp\/v2\/tags?post=1372"}],"curies":[{"name":"wp","href":"https:\/\/api.w.org\/{rel}","templated":true}]}}