{"id":676,"date":"2018-06-07T15:24:27","date_gmt":"2018-06-07T15:24:27","guid":{"rendered":"http:\/\/jujol140.cat\/es-presenta-a-sant-joan-despi-la-celebracio-de-lany-jujol140\/"},"modified":"2018-07-09T07:42:32","modified_gmt":"2018-07-09T07:42:32","slug":"the-celebration-of-the-jujol-year-140-is-presented-in-sant-joan-despi","status":"publish","type":"post","link":"https:\/\/jujol140.cat\/en\/the-celebration-of-the-jujol-year-140-is-presented-in-sant-joan-despi\/","title":{"rendered":"The celebration of the Jujol Year 140 is presented in Sant Joan Desp\u00ed"},"content":{"rendered":"<p>[et_pb_section bb_built=&#8221;1&#8243;][et_pb_row][et_pb_column type=&#8221;4_4&#8243;][et_pb_text _builder_version=&#8221;3.9&#8243;]<\/p>\n<p>Coinciding with the 140th anniversary of the birth of the architect Josep Maria Jujol, the Town Hall of Sant Joan Desp\u00ed promotes the celebration of the Jujol 140 Year, an artistic, cultural and social movement to disseminate the figure of Jujol, a reference artist of modernism Catalan and author of architectural jewels such as Can Negre or Torre de la Creu, in Sant Joan Desp\u00ed, or the Teatre Metropol in Tarragona.<!--more--><\/p>\n<p>The Mayor of Sant Joan Desp\u00ed, Antoni Poveda, presented the celebration of the Jujol 140 Year this Thursday, 7th June at the Jujol-Can Negre Center, at a press conference where the mayor of Tarragona, Josep F\u00e8lix, also attended Ballesteros, and Josep Maria Jujol Jr. son of the architect. The event was attended by representatives of different municipalities with works by Jujol and institutions that support the event.<\/p>\n<p>The celebration of the Jujol 140 Year starts this June until September 2019, when the 140 years of the birth of Jujol will be fulfilled. During the Jujol 140 Year, cultural, recreational, commercial, tourist, heritage, promotional, social and civic activities will be organized in Sant Joan Desp\u00ed, city that promotes the event, as well as in other municipalities linked to the figure of Josep Maria Jujol.<\/p>\n<p>The Mayor of Sant Joan Desp\u00ed, Antoni Poveda, pointed out that &#8220;it is about to put the figure of Jujol and his work in the place they deserve, giving them the dimension and importance they had within modernism.&#8221;<\/p>\n<p>&#8220;We have invited all municipalities that have the work of the architect to be able to participate in the Jujol 140 Year, in order to bring the figure of Jujol closer to the public and to spread the work that he did in Sant Joan Desp\u00ed and in others points of Catalonia.\u201d Antoni Poveda highlighted.<\/p>\n<h4><strong>Institutional complicity <\/strong><\/h4>\n<p>The Jujol 140 Year has already added the complicity of fifteen municipalities with works by the architect, as well as institutions, entities, organizations and personalities in the world of architecture and culture, such as the Jujol Archive, the Gaud\u00ed Chair, the Gimn\u00e0stic Club of Tarragona, the Baix Llobregat County Council, the Cruyff Foundation, the Trencad\u00eds Modernisme Foundation, the Polytechnic University of Catalonia; the director of the 48h Open House BCN, Elisenda Bonet; the architect Toshiaki Tange; or the writer Luis Campo Vidal.<\/p>\n<p>During the presentation of the event, Josep F\u00e8lix Ballesteros, the mayor of Tarragona, one of the adhered cities, congratulated the initiative of Sant Joan Desp\u00ed and revealed &#8220;the need to put in value a figure like Jujol, which is part of the ADN of Tarragona and the presence we find throughout the city. &#8221;<\/p>\n<p>The Jujol 140 Year wants to contribute to the dissemination of the work of Josep Maria Jujol, a total artist who, more than an architect, was decorator, painter, sculptor and designer. Jujol left a great legacy in Sant Joan Desp\u00ed -Can Negre, Torre de la Creu, Torre Jujol, Casa Serra-Xaus, among others- and many places in Catalonia.<\/p>\n<p>[\/et_pb_text][\/et_pb_column][\/et_pb_row][\/et_pb_section]<\/p>\n","protected":false},"excerpt":{"rendered":"<p>[et_pb_section bb_built=&#8221;1&#8243;][et_pb_row][et_pb_column type=&#8221;4_4&#8243;][et_pb_text _builder_version=&#8221;3.9&#8243;] Coinciding with the 140th anniversary of the birth of the architect Josep Maria Jujol, the Town Hall of Sant Joan Desp\u00ed promotes the celebration of the Jujol 140 Year, an artistic, cultural and social movement to disseminate the figure of Jujol, a reference artist of modernism Catalan and author of architectural [&hellip;]<\/p>\n","protected":false},"author":2,"featured_media":677,"comment_status":"closed","ping_status":"closed","sticky":false,"template":"","format":"standard","meta":{"_et_pb_use_builder":"off","_et_pb_old_content":"Coincidint amb el 140 aniversari del naixement de l\u2019<strong>arquitecte Josep Maria Jujol<\/strong>, l'<strong>Ajuntament de Sant Joan Desp\u00ed<\/strong> impulsa la celebraci\u00f3 de l\u2019<strong>Any Jujol140<\/strong>, un moviment art\u00edstic, cultural i social per difondre la figura de Jujol, un artista referent del modernisme catal\u00e0 i autor de joies arquitect\u00f2niques com Can Negre o la Torre de la Creu, a Sant Joan Desp\u00ed, o el Teatre Metropol, a Tarragona.<!--more-->\r\n\r\nL'<strong>alcalde de Sant Joan Desp\u00ed, Antoni Poveda<\/strong>, ha presentat la celebraci\u00f3 de l\u2019Any Jujol140 aquest dijous 7 de juny al Centre Jujol-Can Negre, en una roda de premsa en qu\u00e8 tamb\u00e9 han participat l'<strong>alcalde de Tarragona, Josep F\u00e8lix Ballesteros<\/strong>, i Josep Maria Jujol Jr. fill de l'arquitecte. A l'acte han assistit representants de diferents municipis amb obres de Jujol i d'institucions que donen suport a l'esdeveniment.\r\n\r\nLa celebraci\u00f3 de l'Any Jujol140 arrenca aquest mes de juny i es perllongar\u00e0 fins setembre de 2019, quan es compliran els 140 anys del naixement de Jujol. Durant l\u2019Any Jujol140 s\u2019organitzaran <strong>activitats culturals, l\u00fadiques, comercials, tur\u00edstiques, patrimonials, promocionals, socials i ciutadanes<\/strong>, a Sant Joan Desp\u00ed, ciutat que promou l\u2019esdeveniment, i tamb\u00e9 a altres municipis vinculats a la figura de Josep Maria Jujol.\r\n\r\nL\u2019alcalde de Sant Joan Desp\u00ed, Antoni Poveda, ha apuntat que \u201ces tracta de posar la figura de Jujol i la seva obra al lloc que mereixen, tot donant-los la dimensi\u00f3 i la import\u00e0ncia que va tenir dins del modernisme\u201d.\r\n\r\n\u201cHem convidat tots els ajuntaments que tenen obra de l\u2019arquitecte perqu\u00e8 puguin participar de l\u2019Any Jujol140, per tal d\u2019acostar la figura de Jujol a la ciutadania i difondre l\u2019obra que va realitzar a Sant Joan Despi\u0301 i en altres punts de Catalunya\u201d, ha destacat Antoni Poveda.\r\n<h4><strong>Complicitat institucional<\/strong><\/h4>\r\nL'Any Jujol140 ha sumat ja la complicitat d'una quinzena de municipis amb obres de l'arquitecte, aix\u00ed com d'<strong>institucions, entitats, organismes, i personalitats del m\u00f3n de l\u2019arquitectura i de la cultura<\/strong>, com ara l'Arxiu Jujol, la C\u00e0tedra Gaud\u00ed,\u00a0el Club Gimn\u00e0stic de Tarragona, el Consell Comarcal del Baix Llobregat, la Fundaci\u00f3 Cruyff, la Fundaci\u00f3 Trencad\u00eds Modernisme, la Universitat Polit\u00e8cnica de Catalunya; la directora del 48h Open House BCN, Elisenda Bonet; l'arquitecte Toshiaki Tange; o l'escriptor\u00a0Luis Campo Vidal.\r\n\r\nDurant la presentaci\u00f3 de l'esdeveniment, Josep Fe\u0300lix Ballesteros, alcalde de Tarragona, una de les ciutats adherides, s\u2019ha felicitat per la iniciativa de Sant Joan Despi\u0301 i ha posat de manifest \u201cla necessitat de posar en valor una figura com Jujol, que forma part de l\u2019adn de Tarragona i la petjada del qual trobem arreu de la ciutat\u201d.\r\n\r\nL'Any Jujol140 vol contribuir a la difusi\u00f3 de l'obra de Josep Maria Jujol, un artista total que, a m\u00e9s d'arquitecte,\u00a0va ser decorador, pintor, esgrafiador i dissenyador. Jujol va deixar un gran llegat a Sant Joan Desp\u00ed -<strong>Can Negre, la Torre de la Creu, la Torre Jujol, la Casa Serra-Xaus<\/strong>, entre altres- i a molts indrets de Catalunya.","_et_gb_content_width":"","footnotes":""},"categories":[38],"tags":[43,45],"class_list":["post-676","post","type-post","status-publish","format-standard","has-post-thumbnail","hentry","category-news","tag-jujol-en","tag-sant-joan-despi-en"],"yoast_head":"<!-- This site is optimized with the Yoast SEO plugin v27.4 - https:\/\/yoast.com\/product\/yoast-seo-wordpress\/ -->\n<title>The celebration of the Jujol Year 140 is presented in Sant Joan Desp\u00ed - Jujol 140<\/title>\n<meta name=\"description\" content=\"Es presenta a Sant Joan Desp\u00ed l&#039;Any Jujol140, un moviment art\u00edstic, social i cultural per difondre la figura de l&#039;arquitecte Josep Maria Jujol.\" \/>\n<meta name=\"robots\" content=\"index, follow, max-snippet:-1, max-image-preview:large, max-video-preview:-1\" \/>\n<link rel=\"canonical\" href=\"https:\/\/jujol140.cat\/en\/the-celebration-of-the-jujol-year-140-is-presented-in-sant-joan-despi\/\" \/>\n<meta property=\"og:locale\" content=\"en_US\" \/>\n<meta property=\"og:type\" content=\"article\" \/>\n<meta property=\"og:title\" content=\"The celebration of the Jujol Year 140 is presented in Sant Joan Desp\u00ed - Jujol 140\" \/>\n<meta property=\"og:description\" content=\"Es presenta a Sant Joan Desp\u00ed l&#039;Any Jujol140, un moviment art\u00edstic, social i cultural per difondre la figura de l&#039;arquitecte Josep Maria Jujol.\" \/>\n<meta property=\"og:url\" content=\"https:\/\/jujol140.cat\/en\/the-celebration-of-the-jujol-year-140-is-presented-in-sant-joan-despi\/\" \/>\n<meta property=\"og:site_name\" content=\"Jujol 140\" \/>\n<meta property=\"article:published_time\" content=\"2018-06-07T15:24:27+00:00\" \/>\n<meta property=\"article:modified_time\" content=\"2018-07-09T07:42:32+00:00\" \/>\n<meta property=\"og:image\" content=\"https:\/\/jujol140.cat\/wp-content\/uploads\/2018\/06\/roda_de_premsa_jujol-2_copia.jpeg\" \/>\n\t<meta property=\"og:image:width\" content=\"1000\" \/>\n\t<meta property=\"og:image:height\" content=\"667\" \/>\n\t<meta property=\"og:image:type\" content=\"image\/jpeg\" \/>\n<meta name=\"author\" content=\"Eva\" \/>\n<meta name=\"twitter:card\" content=\"summary_large_image\" \/>\n<meta name=\"twitter:label1\" content=\"Written by\" \/>\n\t<meta name=\"twitter:data1\" content=\"Eva\" \/>\n\t<meta name=\"twitter:label2\" content=\"Est. reading time\" \/>\n\t<meta name=\"twitter:data2\" content=\"3 minutes\" \/>\n<script type=\"application\/ld+json\" class=\"yoast-schema-graph\">{\"@context\":\"https:\\\/\\\/schema.org\",\"@graph\":[{\"@type\":\"Article\",\"@id\":\"https:\\\/\\\/jujol140.cat\\\/en\\\/the-celebration-of-the-jujol-year-140-is-presented-in-sant-joan-despi\\\/#article\",\"isPartOf\":{\"@id\":\"https:\\\/\\\/jujol140.cat\\\/en\\\/the-celebration-of-the-jujol-year-140-is-presented-in-sant-joan-despi\\\/\"},\"author\":{\"name\":\"Eva\",\"@id\":\"https:\\\/\\\/jujol140.cat\\\/#\\\/schema\\\/person\\\/2bb2094f1ca7cb9b7fc729ba5a253baf\"},\"headline\":\"The celebration of the Jujol Year 140 is presented in Sant Joan Desp\u00ed\",\"datePublished\":\"2018-06-07T15:24:27+00:00\",\"dateModified\":\"2018-07-09T07:42:32+00:00\",\"mainEntityOfPage\":{\"@id\":\"https:\\\/\\\/jujol140.cat\\\/en\\\/the-celebration-of-the-jujol-year-140-is-presented-in-sant-joan-despi\\\/\"},\"wordCount\":527,\"image\":{\"@id\":\"https:\\\/\\\/jujol140.cat\\\/en\\\/the-celebration-of-the-jujol-year-140-is-presented-in-sant-joan-despi\\\/#primaryimage\"},\"thumbnailUrl\":\"https:\\\/\\\/jujol140.cat\\\/wp-content\\\/uploads\\\/2018\\\/06\\\/roda_de_premsa_jujol-2_copia.jpeg\",\"keywords\":[\"Jujol\",\"Sant Joan Desp\u00ed\"],\"articleSection\":[\"News\"],\"inLanguage\":\"en-US\"},{\"@type\":\"WebPage\",\"@id\":\"https:\\\/\\\/jujol140.cat\\\/en\\\/the-celebration-of-the-jujol-year-140-is-presented-in-sant-joan-despi\\\/\",\"url\":\"https:\\\/\\\/jujol140.cat\\\/en\\\/the-celebration-of-the-jujol-year-140-is-presented-in-sant-joan-despi\\\/\",\"name\":\"The celebration of the Jujol Year 140 is presented in Sant Joan Desp\u00ed - Jujol 140\",\"isPartOf\":{\"@id\":\"https:\\\/\\\/jujol140.cat\\\/#website\"},\"primaryImageOfPage\":{\"@id\":\"https:\\\/\\\/jujol140.cat\\\/en\\\/the-celebration-of-the-jujol-year-140-is-presented-in-sant-joan-despi\\\/#primaryimage\"},\"image\":{\"@id\":\"https:\\\/\\\/jujol140.cat\\\/en\\\/the-celebration-of-the-jujol-year-140-is-presented-in-sant-joan-despi\\\/#primaryimage\"},\"thumbnailUrl\":\"https:\\\/\\\/jujol140.cat\\\/wp-content\\\/uploads\\\/2018\\\/06\\\/roda_de_premsa_jujol-2_copia.jpeg\",\"datePublished\":\"2018-06-07T15:24:27+00:00\",\"dateModified\":\"2018-07-09T07:42:32+00:00\",\"author\":{\"@id\":\"https:\\\/\\\/jujol140.cat\\\/#\\\/schema\\\/person\\\/2bb2094f1ca7cb9b7fc729ba5a253baf\"},\"description\":\"Es presenta a Sant Joan Desp\u00ed l'Any Jujol140, un moviment art\u00edstic, social i cultural per difondre la figura de l'arquitecte Josep Maria Jujol.\",\"breadcrumb\":{\"@id\":\"https:\\\/\\\/jujol140.cat\\\/en\\\/the-celebration-of-the-jujol-year-140-is-presented-in-sant-joan-despi\\\/#breadcrumb\"},\"inLanguage\":\"en-US\",\"potentialAction\":[{\"@type\":\"ReadAction\",\"target\":[\"https:\\\/\\\/jujol140.cat\\\/en\\\/the-celebration-of-the-jujol-year-140-is-presented-in-sant-joan-despi\\\/\"]}]},{\"@type\":\"ImageObject\",\"inLanguage\":\"en-US\",\"@id\":\"https:\\\/\\\/jujol140.cat\\\/en\\\/the-celebration-of-the-jujol-year-140-is-presented-in-sant-joan-despi\\\/#primaryimage\",\"url\":\"https:\\\/\\\/jujol140.cat\\\/wp-content\\\/uploads\\\/2018\\\/06\\\/roda_de_premsa_jujol-2_copia.jpeg\",\"contentUrl\":\"https:\\\/\\\/jujol140.cat\\\/wp-content\\\/uploads\\\/2018\\\/06\\\/roda_de_premsa_jujol-2_copia.jpeg\",\"width\":1000,\"height\":667},{\"@type\":\"BreadcrumbList\",\"@id\":\"https:\\\/\\\/jujol140.cat\\\/en\\\/the-celebration-of-the-jujol-year-140-is-presented-in-sant-joan-despi\\\/#breadcrumb\",\"itemListElement\":[{\"@type\":\"ListItem\",\"position\":1,\"name\":\"Portada\",\"item\":\"https:\\\/\\\/jujol140.cat\\\/en\\\/\"},{\"@type\":\"ListItem\",\"position\":2,\"name\":\"The celebration of the Jujol Year 140 is presented in Sant Joan Desp\u00ed\"}]},{\"@type\":\"WebSite\",\"@id\":\"https:\\\/\\\/jujol140.cat\\\/#website\",\"url\":\"https:\\\/\\\/jujol140.cat\\\/\",\"name\":\"Jujol 140\",\"description\":\"Moviment art\u00edstic, cultural i social per difondre la figura de Josep Maria Jujol\",\"potentialAction\":[{\"@type\":\"SearchAction\",\"target\":{\"@type\":\"EntryPoint\",\"urlTemplate\":\"https:\\\/\\\/jujol140.cat\\\/?s={search_term_string}\"},\"query-input\":{\"@type\":\"PropertyValueSpecification\",\"valueRequired\":true,\"valueName\":\"search_term_string\"}}],\"inLanguage\":\"en-US\"},{\"@type\":\"Person\",\"@id\":\"https:\\\/\\\/jujol140.cat\\\/#\\\/schema\\\/person\\\/2bb2094f1ca7cb9b7fc729ba5a253baf\",\"name\":\"Eva\",\"image\":{\"@type\":\"ImageObject\",\"inLanguage\":\"en-US\",\"@id\":\"https:\\\/\\\/secure.gravatar.com\\\/avatar\\\/9c7fd181b6b75fe5bc361df40e76a60a2b4f24efd3989c218acff957d244e12f?s=96&d=mm&r=g\",\"url\":\"https:\\\/\\\/secure.gravatar.com\\\/avatar\\\/9c7fd181b6b75fe5bc361df40e76a60a2b4f24efd3989c218acff957d244e12f?s=96&d=mm&r=g\",\"contentUrl\":\"https:\\\/\\\/secure.gravatar.com\\\/avatar\\\/9c7fd181b6b75fe5bc361df40e76a60a2b4f24efd3989c218acff957d244e12f?s=96&d=mm&r=g\",\"caption\":\"Eva\"},\"sameAs\":[\"http:\\\/\\\/www.jujol140.cat\"],\"url\":\"https:\\\/\\\/jujol140.cat\\\/en\\\/author\\\/evacc\\\/\"}]}<\/script>\n<!-- \/ Yoast SEO plugin. -->","yoast_head_json":{"title":"The celebration of the Jujol Year 140 is presented in Sant Joan Desp\u00ed - Jujol 140","description":"Es presenta a Sant Joan Desp\u00ed l'Any Jujol140, un moviment art\u00edstic, social i cultural per difondre la figura de l'arquitecte Josep Maria Jujol.","robots":{"index":"index","follow":"follow","max-snippet":"max-snippet:-1","max-image-preview":"max-image-preview:large","max-video-preview":"max-video-preview:-1"},"canonical":"https:\/\/jujol140.cat\/en\/the-celebration-of-the-jujol-year-140-is-presented-in-sant-joan-despi\/","og_locale":"en_US","og_type":"article","og_title":"The celebration of the Jujol Year 140 is presented in Sant Joan Desp\u00ed - Jujol 140","og_description":"Es presenta a Sant Joan Desp\u00ed l'Any Jujol140, un moviment art\u00edstic, social i cultural per difondre la figura de l'arquitecte Josep Maria Jujol.","og_url":"https:\/\/jujol140.cat\/en\/the-celebration-of-the-jujol-year-140-is-presented-in-sant-joan-despi\/","og_site_name":"Jujol 140","article_published_time":"2018-06-07T15:24:27+00:00","article_modified_time":"2018-07-09T07:42:32+00:00","og_image":[{"width":1000,"height":667,"url":"https:\/\/jujol140.cat\/wp-content\/uploads\/2018\/06\/roda_de_premsa_jujol-2_copia.jpeg","type":"image\/jpeg"}],"author":"Eva","twitter_card":"summary_large_image","twitter_misc":{"Written by":"Eva","Est. reading time":"3 minutes"},"schema":{"@context":"https:\/\/schema.org","@graph":[{"@type":"Article","@id":"https:\/\/jujol140.cat\/en\/the-celebration-of-the-jujol-year-140-is-presented-in-sant-joan-despi\/#article","isPartOf":{"@id":"https:\/\/jujol140.cat\/en\/the-celebration-of-the-jujol-year-140-is-presented-in-sant-joan-despi\/"},"author":{"name":"Eva","@id":"https:\/\/jujol140.cat\/#\/schema\/person\/2bb2094f1ca7cb9b7fc729ba5a253baf"},"headline":"The celebration of the Jujol Year 140 is presented in Sant Joan Desp\u00ed","datePublished":"2018-06-07T15:24:27+00:00","dateModified":"2018-07-09T07:42:32+00:00","mainEntityOfPage":{"@id":"https:\/\/jujol140.cat\/en\/the-celebration-of-the-jujol-year-140-is-presented-in-sant-joan-despi\/"},"wordCount":527,"image":{"@id":"https:\/\/jujol140.cat\/en\/the-celebration-of-the-jujol-year-140-is-presented-in-sant-joan-despi\/#primaryimage"},"thumbnailUrl":"https:\/\/jujol140.cat\/wp-content\/uploads\/2018\/06\/roda_de_premsa_jujol-2_copia.jpeg","keywords":["Jujol","Sant Joan Desp\u00ed"],"articleSection":["News"],"inLanguage":"en-US"},{"@type":"WebPage","@id":"https:\/\/jujol140.cat\/en\/the-celebration-of-the-jujol-year-140-is-presented-in-sant-joan-despi\/","url":"https:\/\/jujol140.cat\/en\/the-celebration-of-the-jujol-year-140-is-presented-in-sant-joan-despi\/","name":"The celebration of the Jujol Year 140 is presented in Sant Joan Desp\u00ed - Jujol 140","isPartOf":{"@id":"https:\/\/jujol140.cat\/#website"},"primaryImageOfPage":{"@id":"https:\/\/jujol140.cat\/en\/the-celebration-of-the-jujol-year-140-is-presented-in-sant-joan-despi\/#primaryimage"},"image":{"@id":"https:\/\/jujol140.cat\/en\/the-celebration-of-the-jujol-year-140-is-presented-in-sant-joan-despi\/#primaryimage"},"thumbnailUrl":"https:\/\/jujol140.cat\/wp-content\/uploads\/2018\/06\/roda_de_premsa_jujol-2_copia.jpeg","datePublished":"2018-06-07T15:24:27+00:00","dateModified":"2018-07-09T07:42:32+00:00","author":{"@id":"https:\/\/jujol140.cat\/#\/schema\/person\/2bb2094f1ca7cb9b7fc729ba5a253baf"},"description":"Es presenta a Sant Joan Desp\u00ed l'Any Jujol140, un moviment art\u00edstic, social i cultural per difondre la figura de l'arquitecte Josep Maria Jujol.","breadcrumb":{"@id":"https:\/\/jujol140.cat\/en\/the-celebration-of-the-jujol-year-140-is-presented-in-sant-joan-despi\/#breadcrumb"},"inLanguage":"en-US","potentialAction":[{"@type":"ReadAction","target":["https:\/\/jujol140.cat\/en\/the-celebration-of-the-jujol-year-140-is-presented-in-sant-joan-despi\/"]}]},{"@type":"ImageObject","inLanguage":"en-US","@id":"https:\/\/jujol140.cat\/en\/the-celebration-of-the-jujol-year-140-is-presented-in-sant-joan-despi\/#primaryimage","url":"https:\/\/jujol140.cat\/wp-content\/uploads\/2018\/06\/roda_de_premsa_jujol-2_copia.jpeg","contentUrl":"https:\/\/jujol140.cat\/wp-content\/uploads\/2018\/06\/roda_de_premsa_jujol-2_copia.jpeg","width":1000,"height":667},{"@type":"BreadcrumbList","@id":"https:\/\/jujol140.cat\/en\/the-celebration-of-the-jujol-year-140-is-presented-in-sant-joan-despi\/#breadcrumb","itemListElement":[{"@type":"ListItem","position":1,"name":"Portada","item":"https:\/\/jujol140.cat\/en\/"},{"@type":"ListItem","position":2,"name":"The celebration of the Jujol Year 140 is presented in Sant Joan Desp\u00ed"}]},{"@type":"WebSite","@id":"https:\/\/jujol140.cat\/#website","url":"https:\/\/jujol140.cat\/","name":"Jujol 140","description":"Moviment art\u00edstic, cultural i social per difondre la figura de Josep Maria Jujol","potentialAction":[{"@type":"SearchAction","target":{"@type":"EntryPoint","urlTemplate":"https:\/\/jujol140.cat\/?s={search_term_string}"},"query-input":{"@type":"PropertyValueSpecification","valueRequired":true,"valueName":"search_term_string"}}],"inLanguage":"en-US"},{"@type":"Person","@id":"https:\/\/jujol140.cat\/#\/schema\/person\/2bb2094f1ca7cb9b7fc729ba5a253baf","name":"Eva","image":{"@type":"ImageObject","inLanguage":"en-US","@id":"https:\/\/secure.gravatar.com\/avatar\/9c7fd181b6b75fe5bc361df40e76a60a2b4f24efd3989c218acff957d244e12f?s=96&d=mm&r=g","url":"https:\/\/secure.gravatar.com\/avatar\/9c7fd181b6b75fe5bc361df40e76a60a2b4f24efd3989c218acff957d244e12f?s=96&d=mm&r=g","contentUrl":"https:\/\/secure.gravatar.com\/avatar\/9c7fd181b6b75fe5bc361df40e76a60a2b4f24efd3989c218acff957d244e12f?s=96&d=mm&r=g","caption":"Eva"},"sameAs":["http:\/\/www.jujol140.cat"],"url":"https:\/\/jujol140.cat\/en\/author\/evacc\/"}]}},"_links":{"self":[{"href":"https:\/\/jujol140.cat\/en\/wp-json\/wp\/v2\/posts\/676","targetHints":{"allow":["GET"]}}],"collection":[{"href":"https:\/\/jujol140.cat\/en\/wp-json\/wp\/v2\/posts"}],"about":[{"href":"https:\/\/jujol140.cat\/en\/wp-json\/wp\/v2\/types\/post"}],"author":[{"embeddable":true,"href":"https:\/\/jujol140.cat\/en\/wp-json\/wp\/v2\/users\/2"}],"replies":[{"embeddable":true,"href":"https:\/\/jujol140.cat\/en\/wp-json\/wp\/v2\/comments?post=676"}],"version-history":[{"count":2,"href":"https:\/\/jujol140.cat\/en\/wp-json\/wp\/v2\/posts\/676\/revisions"}],"predecessor-version":[{"id":679,"href":"https:\/\/jujol140.cat\/en\/wp-json\/wp\/v2\/posts\/676\/revisions\/679"}],"wp:featuredmedia":[{"embeddable":true,"href":"https:\/\/jujol140.cat\/en\/wp-json\/wp\/v2\/media\/677"}],"wp:attachment":[{"href":"https:\/\/jujol140.cat\/en\/wp-json\/wp\/v2\/media?parent=676"}],"wp:term":[{"taxonomy":"category","embeddable":true,"href":"https:\/\/jujol140.cat\/en\/wp-json\/wp\/v2\/categories?post=676"},{"taxonomy":"post_tag","embeddable":true,"href":"https:\/\/jujol140.cat\/en\/wp-json\/wp\/v2\/tags?post=676"}],"curies":[{"name":"wp","href":"https:\/\/api.w.org\/{rel}","templated":true}]}}